{"id":3045,"date":"2023-10-02T12:43:42","date_gmt":"2023-10-02T12:43:42","guid":{"rendered":"https:\/\/metamorphosis-project.org\/?p=3045"},"modified":"2024-05-20T23:15:47","modified_gmt":"2024-05-20T23:15:47","slug":"chasse-aux-dragons-dans-une-grotte-laboratoire","status":"publish","type":"post","link":"https:\/\/metamorphosis-project.org\/fr\/galeries-photos\/chasse-aux-dragons-dans-une-grotte-laboratoire\/","title":{"rendered":"Chasser les dragons dans la grotte d'un laboratoire"},"content":{"rendered":"<h2 class=\"wp-block-heading\"><strong>Vous aimez la sp\u00e9l\u00e9ologie ?<\/strong><\/h2>\n\n\n\n<p class=\"has-text-align-justify\">D\u00e9but septembre, Anthony Herrel et moi-m\u00eame nous sommes rendus \u00e0 Moulis (Ari\u00e8ge, France) pour visiter la grotte-laboratoire du CNRS dans le cadre de l'\u00e9tude sur l'utilisation de l'\u00e9nergie solaire. <a href=\"https:\/\/sete-moulis-cnrs.fr\/fr\/\" title=\"\">SETE<\/a>Ce laboratoire souterrain, fond\u00e9 en 1948, est d\u00e9di\u00e9 \u00e0 l'\u00e9tude des organismes cavernicoles et de leur environnement karstique. Ce laboratoire souterrain, fond\u00e9 en 1948, est d\u00e9di\u00e9 \u00e0 l'\u00e9tude des organismes cavernicoles et de leur environnement karstique. Parmi les organismes cavernicoles maintenus et \u00e9lev\u00e9s au laboratoire de Moulis, nous avons eu la chance de filmer deux esp\u00e8ces de salamandres cavernicoles : l'olm (<em>Proteus anguinus<\/em>) et le triton pyr\u00e9n\u00e9en (<em>Calotriton asper<\/em>).<\/p>\n\n\n\n<h2 class=\"wp-block-heading\"><strong>L'Olm ou<em> Proteus<\/em>: Salamandres ou dragons ?<\/strong><\/h2>\n\n\n\n<p class=\"has-text-align-justify\">Les olms (<em>Proteus anguinus<\/em>) sont originaires de Slov\u00e9nie et de Croatie. Tr\u00e8s peu de laboratoires en Europe \u00e9l\u00e8vent ces animaux. Au laboratoire de Moulis, il y a eu quelques nich\u00e9es de <em>Proteus <\/em>(le dernier en 2019). Cependant, elles restent tr\u00e8s rares car les conditions favorables \u00e0 la reproduction des <em>Proteus<\/em> ne sont pas encore connus et ma\u00eetris\u00e9s, et aussi parce que les <em>Proteus<\/em> ne sont sexuellement matures qu'\u00e0 l'\u00e2ge de 15 ans environ. Ces animaux allong\u00e9s peuvent atteindre 20 \u00e0 40 cm de long et leur long\u00e9vit\u00e9 est exceptionnelle : ils peuvent atteindre pr\u00e8s de cent ans ! Ils ont un cycle de vie p\u00e9domorphe, c'est-\u00e0-dire qu'ils conservent des caract\u00e9ristiques larvaires tout au long de leur vie (notamment des branchies externes). Comme ils vivent dans l'obscurit\u00e9 totale des grottes, ils sont d\u00e9pigment\u00e9s et aveugles. Mais on peut se poser la question : Comment per\u00e7oivent-ils leur environnement ? Nos petits dragons des t\u00e9n\u00e8bres peuvent percevoir leur environnement gr\u00e2ce \u00e0 des super-pouvoirs appel\u00e9s : chimior\u00e9ception et \u00e9lectrolocalisation ! Mais qu'est-ce que c'est ? La chimior\u00e9ception permet aux olms de percevoir leur environnement avec un bon sens de l'olfaction (comme notre odorat). L'\u00e9lectrolocalisation permet aux olms de se d\u00e9placer dans l'obscurit\u00e9 gr\u00e2ce au courant \u00e9lectrique. Ils poss\u00e8dent des organes \u00e9lectrosensoriels appel\u00e9s ampullaires qui peuvent d\u00e9tecter de faibles champs \u00e9lectriques, ce qui les aide \u00e0 s'orienter dans la grotte. En raison de leur apparence \u00e9trange, la premi\u00e8re mention \u00e9crite de l'olm - datant du 17e si\u00e8cle - le d\u00e9signait comme un b\u00e9b\u00e9 dragon. En effet, lors des crues, les olms \u00e9taient parfois expuls\u00e9s des grottes dans lesquelles ils vivaient, et les populations locales pensaient qu'il s'agissait de larves de dragons des cavernes, confondant les branchies avec des ailes de dragon.<\/p>\n\n\n\n<div class=\"wp-block-jetpack-slideshow aligncenter\" data-effect=\"slide\"><div class=\"wp-block-jetpack-slideshow_container swiper-container\"><ul class=\"wp-block-jetpack-slideshow_swiper-wrapper swiper-wrapper\"><li class=\"wp-block-jetpack-slideshow_slide swiper-slide\"><figure><img loading=\"lazy\" decoding=\"async\" width=\"498\" height=\"1024\" alt=\"\" class=\"wp-block-jetpack-slideshow_image wp-image-3047\" data-id=\"3047\" src=\"https:\/\/metamorphosis-project.org\/wp-content\/uploads\/2023\/10\/20230908_122315-498x1024.jpg\" srcset=\"https:\/\/metamorphosis-project.org\/wp-content\/uploads\/2023\/10\/20230908_122315-498x1024.jpg 498w, https:\/\/metamorphosis-project.org\/wp-content\/uploads\/2023\/10\/20230908_122315-146x300.jpg 146w, https:\/\/metamorphosis-project.org\/wp-content\/uploads\/2023\/10\/20230908_122315-768x1580.jpg 768w, https:\/\/metamorphosis-project.org\/wp-content\/uploads\/2023\/10\/20230908_122315-747x1536.jpg 747w, https:\/\/metamorphosis-project.org\/wp-content\/uploads\/2023\/10\/20230908_122315-996x2048.jpg 996w, https:\/\/metamorphosis-project.org\/wp-content\/uploads\/2023\/10\/20230908_122315-6x12.jpg 6w, https:\/\/metamorphosis-project.org\/wp-content\/uploads\/2023\/10\/20230908_122315-scaled.jpg 1244w\" sizes=\"(max-width: 498px) 100vw, 498px\" \/><figcaption class=\"wp-block-jetpack-slideshow_caption gallery-caption\">Installation utilis\u00e9e pour filmer les Olms dans la grotte-laboratoire. Anthony Herrel<\/figcaption><\/figure><\/li><li class=\"wp-block-jetpack-slideshow_slide swiper-slide\"><figure><img loading=\"lazy\" decoding=\"async\" width=\"1024\" height=\"498\" alt=\"\" class=\"wp-block-jetpack-slideshow_image wp-image-3054\" data-id=\"3054\" src=\"https:\/\/metamorphosis-project.org\/wp-content\/uploads\/2023\/10\/20230909_102829-1024x498.jpg\" srcset=\"https:\/\/metamorphosis-project.org\/wp-content\/uploads\/2023\/10\/20230909_102829-1024x498.jpg 1024w, https:\/\/metamorphosis-project.org\/wp-content\/uploads\/2023\/10\/20230909_102829-300x146.jpg 300w, https:\/\/metamorphosis-project.org\/wp-content\/uploads\/2023\/10\/20230909_102829-768x373.jpg 768w, https:\/\/metamorphosis-project.org\/wp-content\/uploads\/2023\/10\/20230909_102829-1536x747.jpg 1536w, https:\/\/metamorphosis-project.org\/wp-content\/uploads\/2023\/10\/20230909_102829-2048x996.jpg 2048w, https:\/\/metamorphosis-project.org\/wp-content\/uploads\/2023\/10\/20230909_102829-18x9.jpg 18w\" sizes=\"(max-width: 1024px) 100vw, 1024px\" \/><figcaption class=\"wp-block-jetpack-slideshow_caption gallery-caption\">Installation utilis\u00e9e pour filmer les Olms dans la grotte-laboratoire. Anthony Herrel<\/figcaption><\/figure><\/li><li class=\"wp-block-jetpack-slideshow_slide swiper-slide\"><figure><img loading=\"lazy\" decoding=\"async\" width=\"1024\" height=\"498\" alt=\"\" class=\"wp-block-jetpack-slideshow_image wp-image-3049\" data-id=\"3049\" src=\"https:\/\/metamorphosis-project.org\/wp-content\/uploads\/2023\/10\/20230909_183358-1-1024x498.jpg\" srcset=\"https:\/\/metamorphosis-project.org\/wp-content\/uploads\/2023\/10\/20230909_183358-1-1024x498.jpg 1024w, https:\/\/metamorphosis-project.org\/wp-content\/uploads\/2023\/10\/20230909_183358-1-300x146.jpg 300w, https:\/\/metamorphosis-project.org\/wp-content\/uploads\/2023\/10\/20230909_183358-1-768x373.jpg 768w, https:\/\/metamorphosis-project.org\/wp-content\/uploads\/2023\/10\/20230909_183358-1-1536x747.jpg 1536w, https:\/\/metamorphosis-project.org\/wp-content\/uploads\/2023\/10\/20230909_183358-1-2048x996.jpg 2048w, https:\/\/metamorphosis-project.org\/wp-content\/uploads\/2023\/10\/20230909_183358-1-18x9.jpg 18w\" sizes=\"(max-width: 1024px) 100vw, 1024px\" \/><figcaption class=\"wp-block-jetpack-slideshow_caption gallery-caption\">Deux olms adultes sur la face ventrale. Ces animaux aiment se glisser entre les rochers et la paroi du bocal. On peut voir leur coeur \u00e0 travers leur peau d\u00e9pigment\u00e9e. Anthony Herrel<\/figcaption><\/figure><\/li><li class=\"wp-block-jetpack-slideshow_slide swiper-slide\"><figure><img loading=\"lazy\" decoding=\"async\" width=\"1024\" height=\"498\" alt=\"\" class=\"wp-block-jetpack-slideshow_image wp-image-3050\" data-id=\"3050\" src=\"https:\/\/metamorphosis-project.org\/wp-content\/uploads\/2023\/10\/20230908_173239-1024x498.jpg\" srcset=\"https:\/\/metamorphosis-project.org\/wp-content\/uploads\/2023\/10\/20230908_173239-1024x498.jpg 1024w, https:\/\/metamorphosis-project.org\/wp-content\/uploads\/2023\/10\/20230908_173239-300x146.jpg 300w, https:\/\/metamorphosis-project.org\/wp-content\/uploads\/2023\/10\/20230908_173239-768x373.jpg 768w, https:\/\/metamorphosis-project.org\/wp-content\/uploads\/2023\/10\/20230908_173239-1536x747.jpg 1536w, https:\/\/metamorphosis-project.org\/wp-content\/uploads\/2023\/10\/20230908_173239-2048x996.jpg 2048w, https:\/\/metamorphosis-project.org\/wp-content\/uploads\/2023\/10\/20230908_173239-18x9.jpg 18w\" sizes=\"(max-width: 1024px) 100vw, 1024px\" \/><figcaption class=\"wp-block-jetpack-slideshow_caption gallery-caption\">Olms adultes sous un rocher. Anthony Herrel<\/figcaption><\/figure><\/li><li class=\"wp-block-jetpack-slideshow_slide swiper-slide\"><figure><img loading=\"lazy\" decoding=\"async\" width=\"498\" height=\"1024\" alt=\"\" class=\"wp-block-jetpack-slideshow_image wp-image-3051\" data-id=\"3051\" src=\"https:\/\/metamorphosis-project.org\/wp-content\/uploads\/2023\/10\/20230911_084722-498x1024.jpg\" srcset=\"https:\/\/metamorphosis-project.org\/wp-content\/uploads\/2023\/10\/20230911_084722-498x1024.jpg 498w, https:\/\/metamorphosis-project.org\/wp-content\/uploads\/2023\/10\/20230911_084722-146x300.jpg 146w, https:\/\/metamorphosis-project.org\/wp-content\/uploads\/2023\/10\/20230911_084722-768x1580.jpg 768w, https:\/\/metamorphosis-project.org\/wp-content\/uploads\/2023\/10\/20230911_084722-747x1536.jpg 747w, https:\/\/metamorphosis-project.org\/wp-content\/uploads\/2023\/10\/20230911_084722-996x2048.jpg 996w, https:\/\/metamorphosis-project.org\/wp-content\/uploads\/2023\/10\/20230911_084722-6x12.jpg 6w, https:\/\/metamorphosis-project.org\/wp-content\/uploads\/2023\/10\/20230911_084722-scaled.jpg 1244w\" sizes=\"(max-width: 498px) 100vw, 498px\" \/><figcaption class=\"wp-block-jetpack-slideshow_caption gallery-caption\">Groupe de jeunes olms issus des nich\u00e9es de 2019. Anthony Herrel<\/figcaption><\/figure><\/li><li class=\"wp-block-jetpack-slideshow_slide swiper-slide\"><figure><img loading=\"lazy\" decoding=\"async\" width=\"1024\" height=\"646\" alt=\"\" class=\"wp-block-jetpack-slideshow_image wp-image-3053\" data-id=\"3053\" src=\"https:\/\/metamorphosis-project.org\/wp-content\/uploads\/2023\/10\/isa_3-1024x646.jpg\" srcset=\"https:\/\/metamorphosis-project.org\/wp-content\/uploads\/2023\/10\/isa_3-1024x646.jpg 1024w, https:\/\/metamorphosis-project.org\/wp-content\/uploads\/2023\/10\/isa_3-300x189.jpg 300w, https:\/\/metamorphosis-project.org\/wp-content\/uploads\/2023\/10\/isa_3-768x484.jpg 768w, https:\/\/metamorphosis-project.org\/wp-content\/uploads\/2023\/10\/isa_3-1536x969.jpg 1536w, https:\/\/metamorphosis-project.org\/wp-content\/uploads\/2023\/10\/isa_3-2048x1292.jpg 2048w, https:\/\/metamorphosis-project.org\/wp-content\/uploads\/2023\/10\/isa_3-18x12.jpg 18w\" sizes=\"(max-width: 1024px) 100vw, 1024px\" \/><figcaption class=\"wp-block-jetpack-slideshow_caption gallery-caption\">Olms juv\u00e9niles dans la bo\u00eete d'exp\u00e9rimentation, reniflant \u00e0 la recherche de nourriture. Isabelle Toussaint<\/figcaption><\/figure><\/li><\/ul><a class=\"wp-block-jetpack-slideshow_button-prev swiper-button-prev swiper-button-white\" role=\"button\"><\/a><a class=\"wp-block-jetpack-slideshow_button-next swiper-button-next swiper-button-white\" role=\"button\"><\/a><a aria-label=\"Pause du diaporama\" class=\"wp-block-jetpack-slideshow_button-pause\" role=\"button\"><\/a><div class=\"wp-block-jetpack-slideshow_pagination swiper-pagination swiper-pagination-white\"><\/div><\/div><\/div>\n\n\n\n<p class=\"has-text-align-justify\">Pendant notre s\u00e9jour, nous avons r\u00e9ussi \u00e0 enregistrer plus de trente vid\u00e9os \u00e0 haute vitesse de plusieurs individus pendant qu'ils se nourrissaient. C'est la premi\u00e8re fois au monde que de telles vid\u00e9os sont enregistr\u00e9es ! C'est une chance pour nous car les olms peuvent je\u00fbner pendant plusieurs mois sans probl\u00e8me, \u00e9tant donn\u00e9 leur m\u00e9tabolisme tr\u00e8s lent. Ces donn\u00e9es ajoutent une nouvelle famille de salamandres \u00e0 notre ensemble de donn\u00e9es fonctionnelles sur la cin\u00e9matique de la prise alimentaire chez les salamandres.<\/p>\n\n\n\n<figure class=\"wp-block-embed is-type-video is-provider-youtube wp-block-embed-youtube wp-embed-aspect-16-9 wp-has-aspect-ratio\"><div class=\"wp-block-embed__wrapper\">\n<iframe loading=\"lazy\" title=\"Vid\u00e9o d&#039;un olm en train de manger\" width=\"1290\" height=\"726\" src=\"https:\/\/www.youtube.com\/embed\/nmPXkJolXRM?feature=oembed\" frameborder=\"0\" allow=\"accelerometer; autoplay; clipboard-write; encrypted-media; gyroscope; picture-in-picture; web-share\" allowfullscreen><\/iframe>\n<\/div><figcaption class=\"wp-element-caption\">Juv\u00e9nile d'un olm en train de se nourrir par succion. Enregistrement vid\u00e9o \u00e0 haute vitesse (1000 fps). \u00a9Anthony Herrel &amp; Isabelle Toussaint<\/figcaption><\/figure>\n\n\n\n<h2 class=\"wp-block-heading\"><strong>Le triton pyr\u00e9n\u00e9en ou<em> Calotriton<\/em>: uniquement dans les Pyr\u00e9n\u00e9es d'Andorre, de France et d'Espagne !<\/strong><\/h2>\n\n\n\n<p class=\"has-text-align-justify\">Le triton pyr\u00e9n\u00e9en (<em>Calotriton asper<\/em>) a un cycle de vie biphasique, c'est-\u00e0-dire que les individus subissent une m\u00e9tamorphose de la larve \u00e0 l'adulte, mais sans changement d'habitat associ\u00e9 ! En fait, ils peuvent passer toute leur vie dans des masses d'eau oxyg\u00e9n\u00e9es telles que les lacs et les cours d'eau. Plusieurs populations ont \u00e9t\u00e9 identifi\u00e9es avec une signature g\u00e9n\u00e9tique particuli\u00e8re. A la grotte laboratoire de Moulis, les tritons pyr\u00e9n\u00e9ens sont particuli\u00e8rement int\u00e9ressants car diff\u00e9rentes populations sont maintenues dans deux conditions diff\u00e9rentes : 1) des populations souterraines (hypog\u00e9es) et 2) d'autres provenant de populations vivant dans les cours d'eau de surface (\u00e9pig\u00e9s). Nous avons pu filmer des individus \u00e9pig\u00e9s et hypog\u00e9s dans des conditions de lumi\u00e8re et d'obscurit\u00e9. Ceci nous permettra de r\u00e9aliser une \u00e9tude comparative entre les deux types de populations et d'explorer comment ces animaux se sont adapt\u00e9s \u00e0 un mode de vie souterrain.<\/p>\n\n\n\n<div class=\"wp-block-jetpack-slideshow aligncenter\" data-effect=\"slide\"><div class=\"wp-block-jetpack-slideshow_container swiper-container\"><ul class=\"wp-block-jetpack-slideshow_swiper-wrapper swiper-wrapper\"><li class=\"wp-block-jetpack-slideshow_slide swiper-slide\"><figure><img loading=\"lazy\" decoding=\"async\" width=\"1024\" height=\"498\" alt=\"\" class=\"wp-block-jetpack-slideshow_image wp-image-3055\" data-id=\"3055\" src=\"https:\/\/metamorphosis-project.org\/wp-content\/uploads\/2023\/10\/20230911_091657-1024x498.jpg\" srcset=\"https:\/\/metamorphosis-project.org\/wp-content\/uploads\/2023\/10\/20230911_091657-1024x498.jpg 1024w, https:\/\/metamorphosis-project.org\/wp-content\/uploads\/2023\/10\/20230911_091657-300x146.jpg 300w, https:\/\/metamorphosis-project.org\/wp-content\/uploads\/2023\/10\/20230911_091657-768x373.jpg 768w, https:\/\/metamorphosis-project.org\/wp-content\/uploads\/2023\/10\/20230911_091657-1536x747.jpg 1536w, https:\/\/metamorphosis-project.org\/wp-content\/uploads\/2023\/10\/20230911_091657-2048x996.jpg 2048w, https:\/\/metamorphosis-project.org\/wp-content\/uploads\/2023\/10\/20230911_091657-18x9.jpg 18w\" sizes=\"(max-width: 1024px) 100vw, 1024px\" \/><figcaption class=\"wp-block-jetpack-slideshow_caption gallery-caption\">Dispositif utilis\u00e9 pour filmer les tritons des Pyr\u00e9n\u00e9es. Anthony Herrel<\/figcaption><\/figure><\/li><li class=\"wp-block-jetpack-slideshow_slide swiper-slide\"><figure><img loading=\"lazy\" decoding=\"async\" width=\"1024\" height=\"498\" alt=\"\" class=\"wp-block-jetpack-slideshow_image wp-image-3056\" data-id=\"3056\" src=\"https:\/\/metamorphosis-project.org\/wp-content\/uploads\/2023\/10\/20230911_085502-1024x498.jpg\" srcset=\"https:\/\/metamorphosis-project.org\/wp-content\/uploads\/2023\/10\/20230911_085502-1024x498.jpg 1024w, https:\/\/metamorphosis-project.org\/wp-content\/uploads\/2023\/10\/20230911_085502-300x146.jpg 300w, https:\/\/metamorphosis-project.org\/wp-content\/uploads\/2023\/10\/20230911_085502-768x373.jpg 768w, https:\/\/metamorphosis-project.org\/wp-content\/uploads\/2023\/10\/20230911_085502-1536x747.jpg 1536w, https:\/\/metamorphosis-project.org\/wp-content\/uploads\/2023\/10\/20230911_085502-2048x996.jpg 2048w, https:\/\/metamorphosis-project.org\/wp-content\/uploads\/2023\/10\/20230911_085502-18x9.jpg 18w\" sizes=\"(max-width: 1024px) 100vw, 1024px\" \/><figcaption class=\"wp-block-jetpack-slideshow_caption gallery-caption\">Pour filmer les tritons des Pyr\u00e9n\u00e9es dans des conditions hypog\u00e9es, une obscurit\u00e9 totale \u00e9tait n\u00e9cessaire. Anthony Herrel<\/figcaption><\/figure><\/li><li class=\"wp-block-jetpack-slideshow_slide swiper-slide\"><figure><img loading=\"lazy\" decoding=\"async\" width=\"1024\" height=\"741\" alt=\"\" class=\"wp-block-jetpack-slideshow_image wp-image-3057\" data-id=\"3057\" src=\"https:\/\/metamorphosis-project.org\/wp-content\/uploads\/2023\/10\/isa_1-1024x741.jpg\" srcset=\"https:\/\/metamorphosis-project.org\/wp-content\/uploads\/2023\/10\/isa_1-1024x741.jpg 1024w, https:\/\/metamorphosis-project.org\/wp-content\/uploads\/2023\/10\/isa_1-300x217.jpg 300w, https:\/\/metamorphosis-project.org\/wp-content\/uploads\/2023\/10\/isa_1-768x556.jpg 768w, https:\/\/metamorphosis-project.org\/wp-content\/uploads\/2023\/10\/isa_1-1536x1112.jpg 1536w, https:\/\/metamorphosis-project.org\/wp-content\/uploads\/2023\/10\/isa_1-2048x1482.jpg 2048w, https:\/\/metamorphosis-project.org\/wp-content\/uploads\/2023\/10\/isa_1-18x12.jpg 18w\" sizes=\"(max-width: 1024px) 100vw, 1024px\" \/><figcaption class=\"wp-block-jetpack-slideshow_caption gallery-caption\">Truite \u00e9pig\u00e9e des Pyr\u00e9n\u00e9es dans la bo\u00eete d'exp\u00e9rimentation. Isabelle Toussaint<\/figcaption><\/figure><\/li><li class=\"wp-block-jetpack-slideshow_slide swiper-slide\"><figure><img loading=\"lazy\" decoding=\"async\" width=\"498\" height=\"1024\" alt=\"\" class=\"wp-block-jetpack-slideshow_image wp-image-3059\" data-id=\"3059\" src=\"https:\/\/metamorphosis-project.org\/wp-content\/uploads\/2023\/10\/20230910_191622-498x1024.jpg\" srcset=\"https:\/\/metamorphosis-project.org\/wp-content\/uploads\/2023\/10\/20230910_191622-498x1024.jpg 498w, https:\/\/metamorphosis-project.org\/wp-content\/uploads\/2023\/10\/20230910_191622-146x300.jpg 146w, https:\/\/metamorphosis-project.org\/wp-content\/uploads\/2023\/10\/20230910_191622-768x1580.jpg 768w, https:\/\/metamorphosis-project.org\/wp-content\/uploads\/2023\/10\/20230910_191622-747x1536.jpg 747w, https:\/\/metamorphosis-project.org\/wp-content\/uploads\/2023\/10\/20230910_191622-996x2048.jpg 996w, https:\/\/metamorphosis-project.org\/wp-content\/uploads\/2023\/10\/20230910_191622-6x12.jpg 6w, https:\/\/metamorphosis-project.org\/wp-content\/uploads\/2023\/10\/20230910_191622-scaled.jpg 1244w\" sizes=\"(max-width: 498px) 100vw, 498px\" \/><figcaption class=\"wp-block-jetpack-slideshow_caption gallery-caption\">Les tritons des Pyr\u00e9n\u00e9es sont des animaux st\u00e9r\u00e9otaxiques positifs, ce qui signifie qu'ils aiment \u00eatre dans des espaces restreints. Anthony Herrel<\/figcaption><\/figure><\/li><li class=\"wp-block-jetpack-slideshow_slide swiper-slide\"><figure><img loading=\"lazy\" decoding=\"async\" width=\"1024\" height=\"498\" alt=\"\" class=\"wp-block-jetpack-slideshow_image wp-image-3060\" data-id=\"3060\" src=\"https:\/\/metamorphosis-project.org\/wp-content\/uploads\/2023\/10\/20230911_083521-1024x498.jpg\" srcset=\"https:\/\/metamorphosis-project.org\/wp-content\/uploads\/2023\/10\/20230911_083521-1024x498.jpg 1024w, https:\/\/metamorphosis-project.org\/wp-content\/uploads\/2023\/10\/20230911_083521-300x146.jpg 300w, https:\/\/metamorphosis-project.org\/wp-content\/uploads\/2023\/10\/20230911_083521-768x373.jpg 768w, https:\/\/metamorphosis-project.org\/wp-content\/uploads\/2023\/10\/20230911_083521-1536x747.jpg 1536w, https:\/\/metamorphosis-project.org\/wp-content\/uploads\/2023\/10\/20230911_083521-2048x996.jpg 2048w, https:\/\/metamorphosis-project.org\/wp-content\/uploads\/2023\/10\/20230911_083521-18x9.jpg 18w\" sizes=\"(max-width: 1024px) 100vw, 1024px\" \/><figcaption class=\"wp-block-jetpack-slideshow_caption gallery-caption\">Truite des Pyr\u00e9n\u00e9es en amplexus. Le Calotriton m\u00e2le enroule sa queue autour de la femelle pour placer le spermatophore directement dans son cloaque, afin qu'il ne soit pas emport\u00e9 par le courant. Anthony Herrel<\/figcaption><\/figure><\/li><\/ul><a class=\"wp-block-jetpack-slideshow_button-prev swiper-button-prev swiper-button-white\" role=\"button\"><\/a><a class=\"wp-block-jetpack-slideshow_button-next swiper-button-next swiper-button-white\" role=\"button\"><\/a><a aria-label=\"Pause du diaporama\" class=\"wp-block-jetpack-slideshow_button-pause\" role=\"button\"><\/a><div class=\"wp-block-jetpack-slideshow_pagination swiper-pagination swiper-pagination-white\"><\/div><\/div><\/div>\n\n\n\n<figure class=\"wp-block-embed is-type-video is-provider-youtube wp-block-embed-youtube wp-embed-aspect-16-9 wp-has-aspect-ratio\"><div class=\"wp-block-embed__wrapper\">\n<iframe loading=\"lazy\" title=\"vid\u00e9o d&#039;un triton pyr\u00e9n\u00e9en en train de manger\" width=\"1290\" height=\"726\" src=\"https:\/\/www.youtube.com\/embed\/dBdkikabMq8?feature=oembed\" frameborder=\"0\" allow=\"accelerometer; autoplay; clipboard-write; encrypted-media; gyroscope; picture-in-picture; web-share\" allowfullscreen><\/iframe>\n<\/div><figcaption class=\"wp-element-caption\">Truite \u00e9pig\u00e9e des Pyr\u00e9n\u00e9es attrapant sa proie. Vitesse r\u00e9elle. Isabelle Toussaint<\/figcaption><\/figure>","protected":false},"excerpt":{"rendered":"<p>Do you like caving ? In early September, Anthony Herrel and I went to Moulis (Ari\u00e8ge, France) to visit the CNRS laboratory cave part of the SETE, hosted by our collaborator Olivier Guillaume, without whom this would not have been possible. This underground laboratory, founded in 1948, is dedicated to the study of cave-dwelling organisms [&hellip;]<\/p>\n","protected":false},"author":5,"featured_media":3047,"comment_status":"open","ping_status":"open","sticky":false,"template":"","format":"standard","meta":{"_jetpack_memberships_contains_paid_content":false,"footnotes":""},"categories":[34,29,23,27],"tags":[8,6,7,10],"class_list":["post-3045","post","type-post","status-publish","format-standard","has-post-thumbnail","hentry","category-salamanders","category-news","category-photo-galleries","category-videos","tag-biodiversity","tag-evolvability","tag-form-function","tag-interconnected-datasets"],"blocksy_meta":[],"aioseo_notices":[],"jetpack_featured_media_url":"https:\/\/metamorphosis-project.org\/wp-content\/uploads\/2023\/10\/20230908_122315-scaled.jpg","jetpack_sharing_enabled":true,"_links":{"self":[{"href":"https:\/\/metamorphosis-project.org\/fr\/wp-json\/wp\/v2\/posts\/3045","targetHints":{"allow":["GET"]}}],"collection":[{"href":"https:\/\/metamorphosis-project.org\/fr\/wp-json\/wp\/v2\/posts"}],"about":[{"href":"https:\/\/metamorphosis-project.org\/fr\/wp-json\/wp\/v2\/types\/post"}],"author":[{"embeddable":true,"href":"https:\/\/metamorphosis-project.org\/fr\/wp-json\/wp\/v2\/users\/5"}],"replies":[{"embeddable":true,"href":"https:\/\/metamorphosis-project.org\/fr\/wp-json\/wp\/v2\/comments?post=3045"}],"version-history":[{"count":14,"href":"https:\/\/metamorphosis-project.org\/fr\/wp-json\/wp\/v2\/posts\/3045\/revisions"}],"predecessor-version":[{"id":3078,"href":"https:\/\/metamorphosis-project.org\/fr\/wp-json\/wp\/v2\/posts\/3045\/revisions\/3078"}],"wp:featuredmedia":[{"embeddable":true,"href":"https:\/\/metamorphosis-project.org\/fr\/wp-json\/wp\/v2\/media\/3047"}],"wp:attachment":[{"href":"https:\/\/metamorphosis-project.org\/fr\/wp-json\/wp\/v2\/media?parent=3045"}],"wp:term":[{"taxonomy":"category","embeddable":true,"href":"https:\/\/metamorphosis-project.org\/fr\/wp-json\/wp\/v2\/categories?post=3045"},{"taxonomy":"post_tag","embeddable":true,"href":"https:\/\/metamorphosis-project.org\/fr\/wp-json\/wp\/v2\/tags?post=3045"}],"curies":[{"name":"wp","href":"https:\/\/api.w.org\/{rel}","templated":true}]}}